{"id":33073,"date":"2022-10-10T15:26:59","date_gmt":"2022-10-10T13:26:59","guid":{"rendered":"https:\/\/ibiza-style.com\/?p=33073"},"modified":"2022-10-10T20:28:07","modified_gmt":"2022-10-10T18:28:07","slug":"alberto-dubois-el-capitan-de-la-economia","status":"publish","type":"post","link":"https:\/\/ibiza-style.com\/es\/alberto-dubois-el-capitan-de-la-economia\/","title":{"rendered":"Alberto Dubois  \u2013 El capit\u00e1n de la econom\u00eda"},"content":{"rendered":"<p>Alberto Dubois es la \u00abPura Vida\u00bb personificada, un coraz\u00f3n con piernas, dir\u00edan algunos. Al conocerlo, inmediatamente sientes que os conoc\u00e9is desde siempre, vibraciones positivas todo el tiempo. En este mundo de \u00a0los 15 minutos de fama en las redes sociales, llama la atenci\u00f3n que todo \u00e9l sea real; su carisma y sus palabras son pura autenticidad. Y no es pretencioso ni arrogante, al contrario, no se considera importante, aunque lo sea, y mucho, para personas muy influyentes que le conf\u00edan negociaciones cr\u00edticas en las que est\u00e1n en juego sumas astron\u00f3micas. Porque la autenticidad y la empat\u00eda naturales combinadas con una ingeniosa visi\u00f3n de los negocios son tan raras de encontrar como un disco de David Guetta en una sesi\u00f3n de Richie Hawtin.<\/p>\n<p>Esta empat\u00eda, otorgada por el universo, allan\u00f3 el \u00e9xito imprevisto de Alberto, impulsado gracias a la intuici\u00f3n. Ha visto a menudo puesta a prueba su integridad, cuando tuvo que elegir entre la lealtad a sus socios o una gran cantidad de dinero. Eligi\u00f3 la tranquilidad y la lealtad, que seg\u00fan \u00e9l no tiene precio, algo que dice mucho de su personalidad.<\/p>\n<p>Es un hombre que prefiere ser fotografiado en un barco de pesca que en una lancha r\u00e1pida, porque esta \u00faltima no le representar\u00eda a \u00e9l, \u00abs\u00f3lo a mis clientes\u00bb, dice. Alberto es capaz de tener una conversaci\u00f3n profunda y duradera contigo, mirando a los ojos, con su estilo skater y los pies en la tierra, pero tambi\u00e9n alternar con estadistas, supermodelos y estrellas de cine.<\/p>\n<p>Dubois es madrile\u00f1o, nacido en el seno de una dinast\u00eda de la industria relojera suiza de La-Chaux-De-Fonds, la parte franc\u00f3fona de Suiza. Su abuelo era relojero, y cuando una de las primeras marcas suizas de relojes de lujo decidi\u00f3 expandirse a Espa\u00f1a, sus jefes le pidieron al Sr. Dubois que abriera una sucursal en Madrid. Eso fue a principios del siglo XX, as\u00ed que la familia Dubois se traslad\u00f3 y ha vivido all\u00ed desde entonces. Por eso, Alberto afirma ser \u00abmadrile\u00f1o en todos los aspectos, pero t\u00e9cnicamente suizo, y con el correspondiente pasaporte\u00bb, se r\u00ede.<\/p>\n<p>Un anti-nerd, apasionado de la aviaci\u00f3n y la astron\u00e1utica, un tipo emp\u00e1tico y con alma, un im\u00e1n para la gente y la prueba viviente de que no hace falta ser antisocial para tener altos conocimientos y poder discutir con los mejores cient\u00edficos del mundo, e inspirarlos incluso. Su mayor deseo fue convertirse en piloto, pero al no poder cumplirlo, decidi\u00f3 omitirlo de su lista de deseos. \u00abMe di cuenta de que veo bastante peor por un ojo que por el otro, as\u00ed que renunci\u00e9 al sue\u00f1o. \u00bfQu\u00e9 sentido tiene invertir tiempo en algo irrealizable?\u00bb<\/p>\n<p><img decoding=\"async\" class=\"alignnone size-full wp-image-33053\" src=\"https:\/\/ibiza-style.com\/wp-content\/uploads\/2022\/10\/alberto-dubois-ibiza-style-02.jpg\" alt=\"\" width=\"1200\" height=\"801\" srcset=\"https:\/\/ibiza-style.com\/wp-content\/uploads\/2022\/10\/alberto-dubois-ibiza-style-02-200x134.jpg 200w, https:\/\/ibiza-style.com\/wp-content\/uploads\/2022\/10\/alberto-dubois-ibiza-style-02-300x200.jpg 300w, https:\/\/ibiza-style.com\/wp-content\/uploads\/2022\/10\/alberto-dubois-ibiza-style-02-400x267.jpg 400w, https:\/\/ibiza-style.com\/wp-content\/uploads\/2022\/10\/alberto-dubois-ibiza-style-02-500x334.jpg 500w, https:\/\/ibiza-style.com\/wp-content\/uploads\/2022\/10\/alberto-dubois-ibiza-style-02-600x401.jpg 600w, https:\/\/ibiza-style.com\/wp-content\/uploads\/2022\/10\/alberto-dubois-ibiza-style-02-700x467.jpg 700w, https:\/\/ibiza-style.com\/wp-content\/uploads\/2022\/10\/alberto-dubois-ibiza-style-02-768x513.jpg 768w, https:\/\/ibiza-style.com\/wp-content\/uploads\/2022\/10\/alberto-dubois-ibiza-style-02-800x534.jpg 800w, https:\/\/ibiza-style.com\/wp-content\/uploads\/2022\/10\/alberto-dubois-ibiza-style-02-1024x684.jpg 1024w, https:\/\/ibiza-style.com\/wp-content\/uploads\/2022\/10\/alberto-dubois-ibiza-style-02.jpg 1200w\" sizes=\"(max-width: 1200px) 100vw, 1200px\" \/><\/p>\n<p>Algo que, por supuesto, no le impidi\u00f3 sentarse en una cabina con regularidad desde los diecisiete a\u00f1os, \u00abs\u00f3lo para mirar, o para saltar del avi\u00f3n. Me encanta, pero en modo &#8216;Autom\u00e1tico&#8217;, es decir, que el parapente siempre se abre solo, autom\u00e1ticamente. Si lo haces en modo &#8216;Manual&#8217;, necesitas m\u00e1s entrenamiento y, al ir tan r\u00e1pido, puedes estrellarte contra el suelo si no lo abres a tiempo\u00bb, recuerda.<\/p>\n<p>Le digo que es algo que no har\u00eda en mi vida, no tengo por qu\u00e9, a lo que Alberto se r\u00ede y pregunta de d\u00f3nde soy. Soy croata, nacido tambi\u00e9n en Suiza, en Thun. \u00c9l, por supuesto, conoce la \u00abPuerta del Oberland bern\u00e9s\u00bb. \u00bfSigues vinculado a Suiza? Alberto admite: \u00abVoy muy poco. Mi padre iba m\u00e1s a menudo, pero muri\u00f3. Era ingeniero\u00bb.<\/p>\n<p>\u00bfY mam\u00e1 Dubois? \u00abMi madre naci\u00f3 en una familia s\u00f3lida y bohemia, todos eran artistas y escritores. En los a\u00f1os 20, algunos eran tambi\u00e9n editores. El padre de mam\u00e1 invent\u00f3 los actuales derechos de autor\u00bb. \u00bfLOS derechos de autor?, le pregunto a Alberto. \u00abS\u00ed, en aquella \u00e9poca, la propiedad intelectual, ya fuera una canci\u00f3n, una obra de teatro o similar, se vend\u00eda de forma individual. B\u00e1sicamente, el artista imprim\u00eda su licencia\/obra en un papel, la persona que otorgaba la licencia lo firmaba y el documento cambiaba de manos, incluido el propietario, que era el \u00fanico que pose\u00eda los derechos en todo el mundo. Desde la implantaci\u00f3n de los derechos de autor tal y como los conocemos hoy en d\u00eda, el artista obtiene todo tipo de derechos como los royalties, etc., que las autoridades competentes controlan en todo el mundo\u00bb.<\/p>\n<p>\u00bfQu\u00e9 camino sigui\u00f3 Alberto? \u00abEstudi\u00e9 administraci\u00f3n de empresas porque me parec\u00eda bien y sab\u00eda que \u00e9sa ser\u00eda la base de mi carrera; siempre sent\u00ed que no pertenec\u00eda al lugar donde hab\u00eda nacido, porque siempre me atrajo el mar. No es casual que al terminar la universidad mi primera oferta de trabajo viniera de Palma. Era como analista de negocios para una empresa hotelera. Acept\u00e9 a pesar de que literalmente no ten\u00eda ni idea de lo que me esperaba. Trabaj\u00e9 para el vicepresidente y, como era 1985, tuve que crear un mont\u00f3n de hojas de c\u00e1lculo. Al analizar la compa\u00f1\u00eda, hice cambios, optimic\u00e9 los procesos y la adapt\u00e9 al panorama general que hab\u00eda visto desde fuera. Y mejor\u00f3, as\u00ed que mi preocupaci\u00f3n por no tener ni idea eran absurda\u00bb.<\/p>\n<p>As\u00ed comenz\u00f3 la carrera de Alberto, totalmente basada en la intuici\u00f3n y en la confianza en sus propias habilidades, valores y percepci\u00f3n. Y el vicepresidente \u00d3scar se convirti\u00f3 en su \u00fanico compa\u00f1ero de negocios hasta ahora. Dejaron juntos la empresa y se dedicaron a las finanzas. \u00abMe convert\u00ed en banquero de inversiones, con un gran ojo para los movimientos del mercado de valores y las mejores oportunidades para mis clientes. Pero me aburr\u00ed, as\u00ed que busqu\u00e9 nuevos negocios, y vi que surg\u00eda Internet\u00bb. Y tambi\u00e9n que bajaba en poco tiempo. \u00abS\u00ed, pero nuestra idea era buena. Ning\u00fan particular pod\u00eda permitirse un ordenador propio, pero hab\u00eda una necesidad en el mercado general. As\u00ed que creamos una plataforma en la que pod\u00edas tener, utilizar y operar con todas las funciones del ordenador a distancia teniendo una cuenta con nosotros\u00bb. \u00bfComo AOL? \u00abS\u00ed, luego se convirti\u00f3 en AOL Espa\u00f1a\u00bb.<\/p>\n<p>Y entonces estall\u00f3 la burbuja de los \u00abpuntocom\u00bb. \u00abS\u00ed, est\u00e1bamos jodidos. Aun as\u00ed nos ofrecieron mucho dinero para comprar nuestra plataforma, pero \u00d3scar y yo no vendimos. Era una suma de dinero rid\u00edculamente alta, pero s\u00f3lo nos lo ofrecieron a nosotros, no a los inversores, que lo habr\u00edan perdido todo. As\u00ed que dijimos que prefer\u00edamos hundirnos con nuestros inversores antes que dejarlos tirados. \u00bfC\u00f3mo podr\u00eda volver a dormir tranquilo habiendo hecho eso? Todo lo que haces tiene que ver con el karma. Al final, vendimos los distintos negocios uno a uno por mucho menos dinero, pero al menos nos permiti\u00f3 cubrir p\u00e9rdidas\u00bb.<\/p>\n<p><img decoding=\"async\" class=\"alignnone size-full wp-image-33064\" src=\"https:\/\/ibiza-style.com\/wp-content\/uploads\/2022\/10\/alberto-dubois-ibiza-style-03.jpg\" alt=\"\" width=\"1200\" height=\"801\" srcset=\"https:\/\/ibiza-style.com\/wp-content\/uploads\/2022\/10\/alberto-dubois-ibiza-style-03-200x134.jpg 200w, https:\/\/ibiza-style.com\/wp-content\/uploads\/2022\/10\/alberto-dubois-ibiza-style-03-300x200.jpg 300w, https:\/\/ibiza-style.com\/wp-content\/uploads\/2022\/10\/alberto-dubois-ibiza-style-03-400x267.jpg 400w, https:\/\/ibiza-style.com\/wp-content\/uploads\/2022\/10\/alberto-dubois-ibiza-style-03-500x334.jpg 500w, https:\/\/ibiza-style.com\/wp-content\/uploads\/2022\/10\/alberto-dubois-ibiza-style-03-600x401.jpg 600w, https:\/\/ibiza-style.com\/wp-content\/uploads\/2022\/10\/alberto-dubois-ibiza-style-03-700x467.jpg 700w, https:\/\/ibiza-style.com\/wp-content\/uploads\/2022\/10\/alberto-dubois-ibiza-style-03-768x513.jpg 768w, https:\/\/ibiza-style.com\/wp-content\/uploads\/2022\/10\/alberto-dubois-ibiza-style-03-800x534.jpg 800w, https:\/\/ibiza-style.com\/wp-content\/uploads\/2022\/10\/alberto-dubois-ibiza-style-03-1024x684.jpg 1024w, https:\/\/ibiza-style.com\/wp-content\/uploads\/2022\/10\/alberto-dubois-ibiza-style-03.jpg 1200w\" sizes=\"(max-width: 1200px) 100vw, 1200px\" \/><\/p>\n<p>Alberto ya se hab\u00eda quemado los dedos, pero necesitaba apagar muchos fuegos aun ardiendo en su cabeza, ten\u00eda que calmarse. S\u00f3lo el mar pod\u00eda hacerlo, y cuando le llam\u00f3 un compa\u00f1ero que estaba planeando un viaje en barco para ofrecerle que se uniera, fue justo lo que necesitaba en ese momento: \u00abCruzar el Atl\u00e1ntico me ense\u00f1\u00f3 que no hay nada que temer. Claro que al estar solo en el oc\u00e9ano puede ocurrir una cat\u00e1strofe personal en cualquier momento, pero si haces lo correcto no pasa nada. Temer lo inesperado es desperdiciar tu vida, tienes que confiar en ti mismo y en tus amigos, ya que eres responsable de sus vidas cuando est\u00e1n dormidos. No hay nada m\u00e1s grande que conseguir algo juntos y compartir experiencias\u00bb.<\/p>\n<p>Suena l\u00f3gico, pero tambi\u00e9n duro: \u00bfrealmente nunca tuviste miedo? \u00abNo, porque estaba seguro de que, si me embarcaba en esta aventura, la felicidad y la satisfacci\u00f3n me esperar\u00edan al otro lado del miedo. No hay que tener miedo de lanzarse a lo desconocido cuando tu instinto y tu coraz\u00f3n te lo digan. Todo saldr\u00e1 bien. F\u00edjate en nosotros: al final llegamos a Santa Luc\u00eda, en un viaje que nunca olvidaremos\u00bb.<\/p>\n<p>\u00bfQu\u00e9 es lo que permanecer\u00e1 en su mente para siempre? \u00abMe sent\u00ed infinitamente feliz, saludable y libre, contempl\u00e9 este hermoso planeta, su incre\u00edble naturaleza, experiment\u00e9 el poder del universo, d\u00eda y noche. Y tuve la visi\u00f3n de que las cosas que veo y la forma en que las veo est\u00e1n ah\u00ed para transmitirlas a mis semejantes. Por eso me involucr\u00e9 en el futuro del bienestar, la sostenibilidad y la educaci\u00f3n, combinados con elementos de ocio.\u00a0 Ibiza me parece el lugar ideal para ello. La isla me llam\u00f3, vine y experiment\u00e9 un amor incondicional que quiero devolver\u00bb.<\/p>\n<p>Dice Alberto Dubois que tiene una capacidad de visi\u00f3n biol\u00f3gicamente limitada, pero vio m\u00e1s que un piloto. Y se convirti\u00f3 en uno de los visionarios y consultores m\u00e1s solicitados por las principales corporaciones internacionales, navegando sus barcos con seguridad hasta cualquier puerto del mundo a trav\u00e9s de las aguas m\u00e1s tormentosas.<\/p>\n\n            <div class=\"ch_location\">\n                <p class=\"chl_title\">SMART Charter Ibiza<\/p>\n                <p class=\"chl_address street\"><\/p>\n                <p class=\"chl_address zip_city\"><\/p>\n                <p class=\"chl_phone\"><a href=\"tel:+34960132700\">+34 960 132 700<\/a><\/p>\n                <p class=\"chl_phone2\"><a href=\"tel:WhatsApp+34661690651\">Whats App +34 661 690 651<\/a><\/p>\n                \n                <p class=\"chl_website\"><a href=\"https:\/\/www.smartcharteribiza.com\" target=\"_blank\" rel=\"noopener\">www.smartcharteribiza.com<\/a><\/p>\n                \n            <\/div>\n        \n<p>&nbsp;<\/p>\n<p>&nbsp;<\/p>\n","protected":false},"excerpt":{"rendered":"<p>  [&#8230;]<\/p>\n","protected":false},"author":3,"featured_media":33130,"comment_status":"open","ping_status":"open","sticky":false,"template":"","format":"standard","meta":{"_acf_changed":false,"footnotes":""},"categories":[66],"tags":[],"class_list":["post-33073","post","type-post","status-publish","format-standard","has-post-thumbnail","hentry","category-gente"],"acf":[],"yoast_head":"<!-- This site is optimized with the Yoast SEO plugin v28.3 - https:\/\/yoast.com\/product\/yoast-seo-wordpress\/ -->\n<title>Alberto Dubois \u2013 El capit\u00e1n de la econom\u00eda - Ibiza Style<\/title>\n<meta name=\"description\" content=\"Ibiza Style: \u2600\ufe0f Tu instant\u00e1nea del estilo de vida, la cultura y los eventos de Ibiza \u2764\ufe0f\" \/>\n<meta name=\"robots\" content=\"index, follow, max-snippet:-1, max-image-preview:large, max-video-preview:-1\" \/>\n<link rel=\"canonical\" href=\"https:\/\/ibiza-style.com\/es\/alberto-dubois-el-capitan-de-la-economia\/\" \/>\n<meta property=\"og:locale\" content=\"es_ES\" \/>\n<meta property=\"og:type\" content=\"article\" \/>\n<meta property=\"og:title\" content=\"Alberto Dubois \u2013 El capit\u00e1n de la econom\u00eda - Ibiza Style\" \/>\n<meta property=\"og:description\" content=\"Ibiza Style: \u2600\ufe0f Tu instant\u00e1nea del estilo de vida, la cultura y los eventos de Ibiza \u2764\ufe0f\" \/>\n<meta property=\"og:url\" content=\"https:\/\/ibiza-style.com\/es\/alberto-dubois-el-capitan-de-la-economia\/\" \/>\n<meta property=\"og:site_name\" content=\"Ibiza Style\" \/>\n<meta property=\"article:publisher\" content=\"https:\/\/www.facebook.com\/ibizastylemagazine\" \/>\n<meta property=\"article:published_time\" content=\"2022-10-10T13:26:59+00:00\" \/>\n<meta property=\"article:modified_time\" content=\"2022-10-10T18:28:07+00:00\" \/>\n<meta property=\"og:image\" content=\"https:\/\/ibiza-style.com\/wp-content\/uploads\/2022\/10\/alberto-dubois-ibiza-style-01-1.jpg\" \/>\n\t<meta property=\"og:image:width\" content=\"1333\" \/>\n\t<meta property=\"og:image:height\" content=\"2000\" \/>\n\t<meta property=\"og:image:type\" content=\"image\/jpeg\" \/>\n<meta name=\"author\" content=\"Thomas\" \/>\n<meta name=\"twitter:card\" content=\"summary_large_image\" \/>\n<meta name=\"twitter:label1\" content=\"Escrito por\" \/>\n\t<meta name=\"twitter:data1\" content=\"Thomas\" \/>\n\t<meta name=\"twitter:label2\" content=\"Tiempo de lectura\" \/>\n\t<meta name=\"twitter:data2\" content=\"9 minutos\" \/>\n<script type=\"application\/ld+json\" class=\"yoast-schema-graph\">{\"@context\":\"https:\\\/\\\/schema.org\",\"@graph\":[{\"@type\":\"Article\",\"@id\":\"https:\\\/\\\/ibiza-style.com\\\/es\\\/alberto-dubois-el-capitan-de-la-economia\\\/#article\",\"isPartOf\":{\"@id\":\"https:\\\/\\\/ibiza-style.com\\\/es\\\/alberto-dubois-el-capitan-de-la-economia\\\/\"},\"author\":{\"name\":\"Thomas\",\"@id\":\"https:\\\/\\\/ibiza-style.com\\\/es\\\/#\\\/schema\\\/person\\\/80861cc93b3542e94108da0d36de4141\"},\"headline\":\"Alberto Dubois \u2013 El capit\u00e1n de la econom\u00eda\",\"datePublished\":\"2022-10-10T13:26:59+00:00\",\"dateModified\":\"2022-10-10T18:28:07+00:00\",\"mainEntityOfPage\":{\"@id\":\"https:\\\/\\\/ibiza-style.com\\\/es\\\/alberto-dubois-el-capitan-de-la-economia\\\/\"},\"wordCount\":1548,\"commentCount\":0,\"image\":{\"@id\":\"https:\\\/\\\/ibiza-style.com\\\/es\\\/alberto-dubois-el-capitan-de-la-economia\\\/#primaryimage\"},\"thumbnailUrl\":\"https:\\\/\\\/ibiza-style.com\\\/wp-content\\\/uploads\\\/2022\\\/10\\\/alberto-dubois-ibiza-style-01-1.jpg\",\"articleSection\":[\"Gente\"],\"inLanguage\":\"es\",\"potentialAction\":[{\"@type\":\"CommentAction\",\"name\":\"Comment\",\"target\":[\"https:\\\/\\\/ibiza-style.com\\\/es\\\/alberto-dubois-el-capitan-de-la-economia\\\/#respond\"]}]},{\"@type\":\"WebPage\",\"@id\":\"https:\\\/\\\/ibiza-style.com\\\/es\\\/alberto-dubois-el-capitan-de-la-economia\\\/\",\"url\":\"https:\\\/\\\/ibiza-style.com\\\/es\\\/alberto-dubois-el-capitan-de-la-economia\\\/\",\"name\":\"Alberto Dubois \u2013 El capit\u00e1n de la econom\u00eda - Ibiza Style\",\"isPartOf\":{\"@id\":\"https:\\\/\\\/ibiza-style.com\\\/es\\\/#website\"},\"primaryImageOfPage\":{\"@id\":\"https:\\\/\\\/ibiza-style.com\\\/es\\\/alberto-dubois-el-capitan-de-la-economia\\\/#primaryimage\"},\"image\":{\"@id\":\"https:\\\/\\\/ibiza-style.com\\\/es\\\/alberto-dubois-el-capitan-de-la-economia\\\/#primaryimage\"},\"thumbnailUrl\":\"https:\\\/\\\/ibiza-style.com\\\/wp-content\\\/uploads\\\/2022\\\/10\\\/alberto-dubois-ibiza-style-01-1.jpg\",\"datePublished\":\"2022-10-10T13:26:59+00:00\",\"dateModified\":\"2022-10-10T18:28:07+00:00\",\"author\":{\"@id\":\"https:\\\/\\\/ibiza-style.com\\\/es\\\/#\\\/schema\\\/person\\\/80861cc93b3542e94108da0d36de4141\"},\"description\":\"Ibiza Style: \u2600\ufe0f Tu instant\u00e1nea del estilo de vida, la cultura y los eventos de Ibiza \u2764\ufe0f\",\"breadcrumb\":{\"@id\":\"https:\\\/\\\/ibiza-style.com\\\/es\\\/alberto-dubois-el-capitan-de-la-economia\\\/#breadcrumb\"},\"inLanguage\":\"es\",\"potentialAction\":[{\"@type\":\"ReadAction\",\"target\":[\"https:\\\/\\\/ibiza-style.com\\\/es\\\/alberto-dubois-el-capitan-de-la-economia\\\/\"]}]},{\"@type\":\"ImageObject\",\"inLanguage\":\"es\",\"@id\":\"https:\\\/\\\/ibiza-style.com\\\/es\\\/alberto-dubois-el-capitan-de-la-economia\\\/#primaryimage\",\"url\":\"https:\\\/\\\/ibiza-style.com\\\/wp-content\\\/uploads\\\/2022\\\/10\\\/alberto-dubois-ibiza-style-01-1.jpg\",\"contentUrl\":\"https:\\\/\\\/ibiza-style.com\\\/wp-content\\\/uploads\\\/2022\\\/10\\\/alberto-dubois-ibiza-style-01-1.jpg\",\"width\":1333,\"height\":2000},{\"@type\":\"BreadcrumbList\",\"@id\":\"https:\\\/\\\/ibiza-style.com\\\/es\\\/alberto-dubois-el-capitan-de-la-economia\\\/#breadcrumb\",\"itemListElement\":[{\"@type\":\"ListItem\",\"position\":1,\"name\":\"Startseite\",\"item\":\"https:\\\/\\\/ibiza-style.com\\\/es\\\/\"},{\"@type\":\"ListItem\",\"position\":2,\"name\":\"Alberto Dubois \u2013 El capit\u00e1n de la econom\u00eda\"}]},{\"@type\":\"WebSite\",\"@id\":\"https:\\\/\\\/ibiza-style.com\\\/es\\\/#website\",\"url\":\"https:\\\/\\\/ibiza-style.com\\\/es\\\/\",\"name\":\"Ibiza Style\",\"description\":\"\",\"potentialAction\":[{\"@type\":\"SearchAction\",\"target\":{\"@type\":\"EntryPoint\",\"urlTemplate\":\"https:\\\/\\\/ibiza-style.com\\\/es\\\/?s={search_term_string}\"},\"query-input\":{\"@type\":\"PropertyValueSpecification\",\"valueRequired\":true,\"valueName\":\"search_term_string\"}}],\"inLanguage\":\"es\"},{\"@type\":\"Person\",\"@id\":\"https:\\\/\\\/ibiza-style.com\\\/es\\\/#\\\/schema\\\/person\\\/80861cc93b3542e94108da0d36de4141\",\"name\":\"Thomas\",\"image\":{\"@type\":\"ImageObject\",\"inLanguage\":\"es\",\"@id\":\"https:\\\/\\\/secure.gravatar.com\\\/avatar\\\/412e0f0057d7c5b9b43c16c33a042a416883689b4af5cd1c391d31928e4acf32?s=96&d=mm&r=g\",\"url\":\"https:\\\/\\\/secure.gravatar.com\\\/avatar\\\/412e0f0057d7c5b9b43c16c33a042a416883689b4af5cd1c391d31928e4acf32?s=96&d=mm&r=g\",\"contentUrl\":\"https:\\\/\\\/secure.gravatar.com\\\/avatar\\\/412e0f0057d7c5b9b43c16c33a042a416883689b4af5cd1c391d31928e4acf32?s=96&d=mm&r=g\",\"caption\":\"Thomas\"}}]}<\/script>\n<!-- \/ Yoast SEO plugin. -->","yoast_head_json":{"title":"Alberto Dubois \u2013 El capit\u00e1n de la econom\u00eda - Ibiza Style","description":"Ibiza Style: \u2600\ufe0f Tu instant\u00e1nea del estilo de vida, la cultura y los eventos de Ibiza \u2764\ufe0f","robots":{"index":"index","follow":"follow","max-snippet":"max-snippet:-1","max-image-preview":"max-image-preview:large","max-video-preview":"max-video-preview:-1"},"canonical":"https:\/\/ibiza-style.com\/es\/alberto-dubois-el-capitan-de-la-economia\/","og_locale":"es_ES","og_type":"article","og_title":"Alberto Dubois \u2013 El capit\u00e1n de la econom\u00eda - Ibiza Style","og_description":"Ibiza Style: \u2600\ufe0f Tu instant\u00e1nea del estilo de vida, la cultura y los eventos de Ibiza \u2764\ufe0f","og_url":"https:\/\/ibiza-style.com\/es\/alberto-dubois-el-capitan-de-la-economia\/","og_site_name":"Ibiza Style","article_publisher":"https:\/\/www.facebook.com\/ibizastylemagazine","article_published_time":"2022-10-10T13:26:59+00:00","article_modified_time":"2022-10-10T18:28:07+00:00","og_image":[{"width":1333,"height":2000,"url":"https:\/\/ibiza-style.com\/wp-content\/uploads\/2022\/10\/alberto-dubois-ibiza-style-01-1.jpg","type":"image\/jpeg"}],"author":"Thomas","twitter_card":"summary_large_image","twitter_misc":{"Escrito por":"Thomas","Tiempo de lectura":"9 minutos"},"schema":{"@context":"https:\/\/schema.org","@graph":[{"@type":"Article","@id":"https:\/\/ibiza-style.com\/es\/alberto-dubois-el-capitan-de-la-economia\/#article","isPartOf":{"@id":"https:\/\/ibiza-style.com\/es\/alberto-dubois-el-capitan-de-la-economia\/"},"author":{"name":"Thomas","@id":"https:\/\/ibiza-style.com\/es\/#\/schema\/person\/80861cc93b3542e94108da0d36de4141"},"headline":"Alberto Dubois \u2013 El capit\u00e1n de la econom\u00eda","datePublished":"2022-10-10T13:26:59+00:00","dateModified":"2022-10-10T18:28:07+00:00","mainEntityOfPage":{"@id":"https:\/\/ibiza-style.com\/es\/alberto-dubois-el-capitan-de-la-economia\/"},"wordCount":1548,"commentCount":0,"image":{"@id":"https:\/\/ibiza-style.com\/es\/alberto-dubois-el-capitan-de-la-economia\/#primaryimage"},"thumbnailUrl":"https:\/\/ibiza-style.com\/wp-content\/uploads\/2022\/10\/alberto-dubois-ibiza-style-01-1.jpg","articleSection":["Gente"],"inLanguage":"es","potentialAction":[{"@type":"CommentAction","name":"Comment","target":["https:\/\/ibiza-style.com\/es\/alberto-dubois-el-capitan-de-la-economia\/#respond"]}]},{"@type":"WebPage","@id":"https:\/\/ibiza-style.com\/es\/alberto-dubois-el-capitan-de-la-economia\/","url":"https:\/\/ibiza-style.com\/es\/alberto-dubois-el-capitan-de-la-economia\/","name":"Alberto Dubois \u2013 El capit\u00e1n de la econom\u00eda - Ibiza Style","isPartOf":{"@id":"https:\/\/ibiza-style.com\/es\/#website"},"primaryImageOfPage":{"@id":"https:\/\/ibiza-style.com\/es\/alberto-dubois-el-capitan-de-la-economia\/#primaryimage"},"image":{"@id":"https:\/\/ibiza-style.com\/es\/alberto-dubois-el-capitan-de-la-economia\/#primaryimage"},"thumbnailUrl":"https:\/\/ibiza-style.com\/wp-content\/uploads\/2022\/10\/alberto-dubois-ibiza-style-01-1.jpg","datePublished":"2022-10-10T13:26:59+00:00","dateModified":"2022-10-10T18:28:07+00:00","author":{"@id":"https:\/\/ibiza-style.com\/es\/#\/schema\/person\/80861cc93b3542e94108da0d36de4141"},"description":"Ibiza Style: \u2600\ufe0f Tu instant\u00e1nea del estilo de vida, la cultura y los eventos de Ibiza \u2764\ufe0f","breadcrumb":{"@id":"https:\/\/ibiza-style.com\/es\/alberto-dubois-el-capitan-de-la-economia\/#breadcrumb"},"inLanguage":"es","potentialAction":[{"@type":"ReadAction","target":["https:\/\/ibiza-style.com\/es\/alberto-dubois-el-capitan-de-la-economia\/"]}]},{"@type":"ImageObject","inLanguage":"es","@id":"https:\/\/ibiza-style.com\/es\/alberto-dubois-el-capitan-de-la-economia\/#primaryimage","url":"https:\/\/ibiza-style.com\/wp-content\/uploads\/2022\/10\/alberto-dubois-ibiza-style-01-1.jpg","contentUrl":"https:\/\/ibiza-style.com\/wp-content\/uploads\/2022\/10\/alberto-dubois-ibiza-style-01-1.jpg","width":1333,"height":2000},{"@type":"BreadcrumbList","@id":"https:\/\/ibiza-style.com\/es\/alberto-dubois-el-capitan-de-la-economia\/#breadcrumb","itemListElement":[{"@type":"ListItem","position":1,"name":"Startseite","item":"https:\/\/ibiza-style.com\/es\/"},{"@type":"ListItem","position":2,"name":"Alberto Dubois \u2013 El capit\u00e1n de la econom\u00eda"}]},{"@type":"WebSite","@id":"https:\/\/ibiza-style.com\/es\/#website","url":"https:\/\/ibiza-style.com\/es\/","name":"Ibiza Style","description":"","potentialAction":[{"@type":"SearchAction","target":{"@type":"EntryPoint","urlTemplate":"https:\/\/ibiza-style.com\/es\/?s={search_term_string}"},"query-input":{"@type":"PropertyValueSpecification","valueRequired":true,"valueName":"search_term_string"}}],"inLanguage":"es"},{"@type":"Person","@id":"https:\/\/ibiza-style.com\/es\/#\/schema\/person\/80861cc93b3542e94108da0d36de4141","name":"Thomas","image":{"@type":"ImageObject","inLanguage":"es","@id":"https:\/\/secure.gravatar.com\/avatar\/412e0f0057d7c5b9b43c16c33a042a416883689b4af5cd1c391d31928e4acf32?s=96&d=mm&r=g","url":"https:\/\/secure.gravatar.com\/avatar\/412e0f0057d7c5b9b43c16c33a042a416883689b4af5cd1c391d31928e4acf32?s=96&d=mm&r=g","contentUrl":"https:\/\/secure.gravatar.com\/avatar\/412e0f0057d7c5b9b43c16c33a042a416883689b4af5cd1c391d31928e4acf32?s=96&d=mm&r=g","caption":"Thomas"}}]}},"_links":{"self":[{"href":"https:\/\/ibiza-style.com\/es\/wp-json\/wp\/v2\/posts\/33073","targetHints":{"allow":["GET"]}}],"collection":[{"href":"https:\/\/ibiza-style.com\/es\/wp-json\/wp\/v2\/posts"}],"about":[{"href":"https:\/\/ibiza-style.com\/es\/wp-json\/wp\/v2\/types\/post"}],"author":[{"embeddable":true,"href":"https:\/\/ibiza-style.com\/es\/wp-json\/wp\/v2\/users\/3"}],"replies":[{"embeddable":true,"href":"https:\/\/ibiza-style.com\/es\/wp-json\/wp\/v2\/comments?post=33073"}],"version-history":[{"count":1,"href":"https:\/\/ibiza-style.com\/es\/wp-json\/wp\/v2\/posts\/33073\/revisions"}],"predecessor-version":[{"id":33075,"href":"https:\/\/ibiza-style.com\/es\/wp-json\/wp\/v2\/posts\/33073\/revisions\/33075"}],"wp:featuredmedia":[{"embeddable":true,"href":"https:\/\/ibiza-style.com\/es\/wp-json\/wp\/v2\/media\/33130"}],"wp:attachment":[{"href":"https:\/\/ibiza-style.com\/es\/wp-json\/wp\/v2\/media?parent=33073"}],"wp:term":[{"taxonomy":"category","embeddable":true,"href":"https:\/\/ibiza-style.com\/es\/wp-json\/wp\/v2\/categories?post=33073"},{"taxonomy":"post_tag","embeddable":true,"href":"https:\/\/ibiza-style.com\/es\/wp-json\/wp\/v2\/tags?post=33073"}],"curies":[{"name":"wp","href":"https:\/\/api.w.org\/{rel}","templated":true}]}}