{"id":38426,"date":"2025-07-27T11:34:07","date_gmt":"2025-07-27T09:34:07","guid":{"rendered":"https:\/\/ibiza-style.com\/?p=38426"},"modified":"2025-07-27T11:37:33","modified_gmt":"2025-07-27T09:37:33","slug":"antonio-lemos-una-vida-al-filo-de-lo-imposible","status":"publish","type":"post","link":"https:\/\/ibiza-style.com\/es\/antonio-lemos-una-vida-al-filo-de-lo-imposible\/","title":{"rendered":"Antonio Lemos \u2013 Una vida al filo de lo imposible"},"content":{"rendered":"<p>Exterior. Cuatro de la madrugada. Rodaje de una pel\u00edcula. Todo nevado, carretera helada. Un coche debe frenar en seco en la marca. Nadie lo consigue. Todos est\u00e1n congelados y muy cansados. Un joven del departamento de arte levanta la mano, est\u00e1 seguro de que puede hacerlo. Lo intenta y lo clava a la primera. Y ese instante lo cambia todo. As\u00ed empez\u00f3 Antonio Lemos una carrera como especialista de cine que le ha llevado a rodar m\u00e1s de 30 pel\u00edculas con directores como Pedro Almod\u00f3var, Milos Forman, Paul Greengrass o Ridley Scott, series de TV y m\u00e1s de 150 anuncios publicitarios. Una historia de riesgo, precisi\u00f3n, escenarios imposibles y madrugadas infinitas. Una vida de pel\u00edcula.<\/p>\n<p>Su historia comienza en Galicia, donde empez\u00f3 corriendo rallys en plan amateur por puro amor al volante. M\u00e1s tarde, con una mochila y una moto, se plant\u00f3 en Madrid justo cuando nac\u00edan las televisiones privadas, \u201ciba a pasar el fin de semana y me qued\u00e9 18 a\u00f1os\u201d. Sirviendo copas, conoci\u00f3 a un personaje ins\u00f3lito (y tartamudo) que le daba la chapa cada noche y una madrugada le ofreci\u00f3 trabajo en una pel\u00edcula \u201cde Bu\u00f1uel\u201d. Pens\u00f3 que estaba loco: \u201c\u00a1Pero si Bu\u00f1uel est\u00e1 muerto!\u201d, recuerda. Result\u00f3 que era el hijo del m\u00edtico director, y aquella conversaci\u00f3n le abrir\u00eda las puertas del mundo del cine como ayudante de decoraci\u00f3n y conduciendo el cami\u00f3n de atrezzo. \u201cMe fascinaba el departamento de arte, montar esos decorados maravillosos que luego en dos d\u00edas se iban a la basura\u201d.<\/p>\n<p>Una fascinaci\u00f3n que le llevar\u00eda 4 o 5 a\u00f1os m\u00e1s tarde a montar su propio taller de construcci\u00f3n de decorados para publicidad, ferias, series de TV&#8230;En la empresa contaban con una secci\u00f3n que llamaban \u201cMontajes imposibles\u201d, donde hicieron, por ejemplo, la presentaci\u00f3n mundial del Peugot 307, en la que hicieron, simult\u00e1neamente sobrevolar un coche sobre la Diagonal de Barcelona con un globo aerost\u00e1tico, bajarlo desde el cielo en Valencia con gr\u00faas, paraca\u00eddas y F18 del ej\u00e9rcito, flotarlo sobre las aguas del Guadalquivir en Sevilla con una balsa semisubmarina y buzos y subirlo a la cornisa del Palacio de la \u00d3pera de La Coru\u00f1a en dos ruedas, como si se fuera a caer. Un proyecto desquiciado que requiri\u00f3 una planificaci\u00f3n y coordinaci\u00f3n descomunal, \u201cy siempre un poco de suerte\u201d, a\u00f1ade. Y es que, en la vida de este gallego afincado desde hace a\u00f1os en Ibiza, lo imposible termin\u00f3 convirti\u00e9ndose en rutina.<\/p>\n<p>Antonio Lemos ha participado en pel\u00edculas como \u201cAcci\u00f3n Mutante\u201d, \u201cAirbag\u201d, \u201cOrquesta Club Virginia\u201d, \u201cCarne Tr\u00e9mula\u201d, \u201cHable con ella\u201d, \u201cLos abrazos rotos\u201d \u2026 Ha rodado con Pedro Almod\u00f3var en cinco pel\u00edculas (dos de ellas ganadoras del \u00d3scar), y de cada una atesora una an\u00e9cdota que parece salida del backstage m\u00e1s surrealista. \u201cAlmod\u00f3var se pon\u00eda muy nervioso con cualquier escena que tuviera un m\u00ednimo de acci\u00f3n\u201d, dice divertido, \u201cyo estaba un poco de chico para todo, era su fuente de tranquilidad\u201d. Lemos tambi\u00e9n ha trabajado en megaproducciones internacionales como \u201cLos fantasmas de Goya\u201d, de Milos Forman, donde se disfraz\u00f3 de franciscano para lanzarse a tierra, beb\u00e9 en brazos, mientras le pasaban caballos al galope por encima. \u201cMe he roto la pelvis, el h\u00famero, la clav\u00edcula, costillas&#8230;\u201d, dice con naturalidad. Nunca ha tenido miedo. Solo concentraci\u00f3n. Su precisi\u00f3n y su valent\u00eda, m\u00e1s que la t\u00e9cnica, seg\u00fan admite, fueron las llaves que le abrieron las puertas de directores legendarios. Como Ridley Scott.<\/p>\n\n\t\t<style type=\"text\/css\">\n\t\t\t#gallery-1 {\n\t\t\t\tmargin: auto;\n\t\t\t}\n\t\t\t#gallery-1 .gallery-item {\n\t\t\t\tfloat: left;\n\t\t\t\tmargin-top: 10px;\n\t\t\t\ttext-align: center;\n\t\t\t\twidth: 33%;\n\t\t\t}\n\t\t\t#gallery-1 img {\n\t\t\t\tborder: 2px solid #cfcfcf;\n\t\t\t}\n\t\t\t#gallery-1 .gallery-caption {\n\t\t\t\tmargin-left: 0;\n\t\t\t}\n\t\t\t\/* see gallery_shortcode() in wp-includes\/media.php *\/\n\t\t<\/style>\n\t\t<div id='gallery-1' class='gallery galleryid-38426 gallery-columns-3 gallery-size-thumbnail'><dl class='gallery-item'>\n\t\t\t<dt class='gallery-icon portrait'>\n\t\t\t\t<a href='https:\/\/ibiza-style.com\/es\/antonio-lemos-una-vida-al-filo-de-lo-imposible\/ibiza-style-antonio-lemos-6-2\/'><img decoding=\"async\" width=\"150\" height=\"150\" src=\"https:\/\/ibiza-style.com\/wp-content\/uploads\/2025\/07\/ibiza-style-antonio-lemos-6-150x150.jpg\" class=\"attachment-thumbnail size-thumbnail\" alt=\"\" srcset=\"https:\/\/ibiza-style.com\/wp-content\/uploads\/2025\/07\/ibiza-style-antonio-lemos-6-66x66.jpg 66w, https:\/\/ibiza-style.com\/wp-content\/uploads\/2025\/07\/ibiza-style-antonio-lemos-6-150x150.jpg 150w, https:\/\/ibiza-style.com\/wp-content\/uploads\/2025\/07\/ibiza-style-antonio-lemos-6-200x200.jpg 200w\" sizes=\"(max-width: 150px) 100vw, 150px\" \/><\/a>\n\t\t\t<\/dt><\/dl><dl class='gallery-item'>\n\t\t\t<dt class='gallery-icon portrait'>\n\t\t\t\t<a href='https:\/\/ibiza-style.com\/es\/antonio-lemos-una-vida-al-filo-de-lo-imposible\/antonio-lemos_ibiza-style-2\/'><img decoding=\"async\" width=\"150\" height=\"150\" src=\"https:\/\/ibiza-style.com\/wp-content\/uploads\/2025\/07\/antonio-lemos_ibiza-style-150x150.jpg\" class=\"attachment-thumbnail size-thumbnail\" alt=\"\" srcset=\"https:\/\/ibiza-style.com\/wp-content\/uploads\/2025\/07\/antonio-lemos_ibiza-style-66x66.jpg 66w, https:\/\/ibiza-style.com\/wp-content\/uploads\/2025\/07\/antonio-lemos_ibiza-style-150x150.jpg 150w, https:\/\/ibiza-style.com\/wp-content\/uploads\/2025\/07\/antonio-lemos_ibiza-style-200x200.jpg 200w\" sizes=\"(max-width: 150px) 100vw, 150px\" \/><\/a>\n\t\t\t<\/dt><\/dl>\n\t\t\t<br style='clear: both' \/>\n\t\t<\/div>\n\n<p>&nbsp;<\/p>\n<p>Durante el rodaje de \u201cEl reino de los cielos\u201d, se convirti\u00f3 en conductor personal y guardaespaldas del director brit\u00e1nico. \u201cEstuve dos meses siendo su sombra, d\u00eda y noche. Dorm\u00eda tres horas y media, y luego se encerraba en su tr\u00e1iler, que era como un cine en miniatura, a montar lo que hab\u00eda grabado el d\u00eda anterior\u201d. Recuerda c\u00f3mo Ridley recorr\u00eda el set, con m\u00e1s de 600 t\u00e9cnicos y en ocasiones hasta 10.000 extras, corrigiendo actores mientras reposicionaba un jarr\u00f3n, y c\u00f3mo dibujaba cada secuencia como si ya la estuviera viendo en pantalla. \u201cNadie rueda batallas como \u00e9l\u201d, dice Lemos, a\u00fan impresionado por este cineasta, del que guarda el mejor de los recuerdos: \u201cYo no he visto a nadie igual\u201d.<\/p>\n<p>Pero como en toda buena pel\u00edcula, tras largos a\u00f1os saltando entre furgonetas en marcha, frenando coches en llamas o llegando a rodar una coreograf\u00eda de 18 coches en un aeropuerto cerrado para \u201cEl ultim\u00e1tum de Bourne\u201d, la vida de Antonio ten\u00eda que dar un giro. Y una noche de enero, a las dos de la madrugada, lleg\u00f3 a Ibiza por casualidad. Ven\u00eda a bordo de un ferry con un Saab descapotable de los 80 que no consegu\u00eda vender, y que cambi\u00f3 en el puerto de Sant Antoni por un velero antiguo de madera. No se imaginaba que ese trato acabar\u00eda cambiando su vida. Tras arreglarlo, \u201cestaba que se ca\u00eda a pedazos\u201d, durante m\u00e1s de dos a\u00f1os vivi\u00f3 en ese barco, fondeando entre Espalmador, la Bah\u00eda de Sant Antoni y las Salinas, con las velas color vino tinto ondeando en solitario. \u201cHe pasado noches dando vueltas con el motor encendido, mientras la Guardia Civil quer\u00eda echar a los barcos\u201d, recuerda entre risas. Mientras viv\u00eda en el barco viajaba fuera cuando le surg\u00edan proyectos, pero como \u00e9l mismo reconoce \u201ccomo especialista, a los 50 a\u00f1os est\u00e1s completamente obsoleto, en publicidad no tanto, pero en el cine&#8230;Te acabas cansando, el cuerpo te duele\u201d. Estando en Ibiza conoci\u00f3 a un personaje definitivo para decidir quedarse, \u00d3scar Ferrer, due\u00f1o de la empresa de dise\u00f1o gr\u00e1fico Konkordanz, \u201cuna de las mejores personas que he conocido en mi vida, fue una conexi\u00f3n fant\u00e1stica\u201d. \u00d3scar le propuso hacer v\u00eddeos juntos, \u201cme encant\u00f3 el plan y fui dejando los proyectos en Madrid, funcion\u00f3 muy bien\u201d. Tristemente en 2019 \u00d3scar sufri\u00f3 un infarto repentino y poco despu\u00e9s tambi\u00e9n falleci\u00f3 su hermano, pero Lemos estaba ya asentado en su casita en Cala Vadella y decidi\u00f3 quedarse. \u201cNunca olvidar\u00e9 el primer invierno, despu\u00e9s del barco, cuando encend\u00ed la chimenea mientras fuera llov\u00eda\u201d.<\/p>\n<p>Desde entonces ha seguido rodando, pero a otro ritmo, participando en \u201cWhite Island\u201d, de Ben Turner, en alguna serie internacional y, m\u00e1s recientemente, como director de arte en cortos locales como \u201cSoc Maric\u00f3\u201d y \u201cBoca a boca\u201d. Ahora colabora con artistas como Adri\u00e1n Cardona, hace bancos de madera con troncos tra\u00eddos por el mar, graba v\u00eddeos, pinta. \u201cCuando has hecho casi todo, buscas otras cosas. Ibiza me las dio\u201d.<\/p>\n<p>No hay en Antonio Lemos ni rastro de pose. Solo vida, una vida marcada por la b\u00fasqueda constante de nuevos retos y la capacidad de reinventarse, experiencias incre\u00edbles y mucho sentido del humor. Especialista de cine, constructor de decorados, core\u00f3grafo de acci\u00f3n, conductor de precisi\u00f3n, invitado en el cumplea\u00f1os de Orlando Bloom, navegante, artista, monitor de circuitos deportivos&#8230; Ha vivido el cine desde dentro, cada segundo al m\u00e1ximo y tiene un mill\u00f3n de historias que contar. Dice que los j\u00f3venes especialistas de ahora lo ven como un dinosaurio. Pero \u00e9l sonr\u00ede. Porque sabe que su historia no cabe en una sola pel\u00edcula.<\/p>\n\n\t\t<style type=\"text\/css\">\n\t\t\t#gallery-2 {\n\t\t\t\tmargin: auto;\n\t\t\t}\n\t\t\t#gallery-2 .gallery-item {\n\t\t\t\tfloat: left;\n\t\t\t\tmargin-top: 10px;\n\t\t\t\ttext-align: center;\n\t\t\t\twidth: 33%;\n\t\t\t}\n\t\t\t#gallery-2 img {\n\t\t\t\tborder: 2px solid #cfcfcf;\n\t\t\t}\n\t\t\t#gallery-2 .gallery-caption {\n\t\t\t\tmargin-left: 0;\n\t\t\t}\n\t\t\t\/* see gallery_shortcode() in wp-includes\/media.php *\/\n\t\t<\/style>\n\t\t<div id='gallery-2' class='gallery galleryid-38426 gallery-columns-3 gallery-size-thumbnail'><dl class='gallery-item'>\n\t\t\t<dt class='gallery-icon portrait'>\n\t\t\t\t<a href='https:\/\/ibiza-style.com\/es\/antonio-lemos-una-vida-al-filo-de-lo-imposible\/ibiza-style-antonio-lemos-2-2\/'><img decoding=\"async\" width=\"150\" height=\"150\" src=\"https:\/\/ibiza-style.com\/wp-content\/uploads\/2025\/07\/ibiza-style-antonio-lemos-2-150x150.jpg\" class=\"attachment-thumbnail size-thumbnail\" alt=\"\" srcset=\"https:\/\/ibiza-style.com\/wp-content\/uploads\/2025\/07\/ibiza-style-antonio-lemos-2-66x66.jpg 66w, https:\/\/ibiza-style.com\/wp-content\/uploads\/2025\/07\/ibiza-style-antonio-lemos-2-150x150.jpg 150w, https:\/\/ibiza-style.com\/wp-content\/uploads\/2025\/07\/ibiza-style-antonio-lemos-2-200x200.jpg 200w\" sizes=\"(max-width: 150px) 100vw, 150px\" \/><\/a>\n\t\t\t<\/dt><\/dl><dl class='gallery-item'>\n\t\t\t<dt class='gallery-icon portrait'>\n\t\t\t\t<a href='https:\/\/ibiza-style.com\/es\/antonio-lemos-una-vida-al-filo-de-lo-imposible\/antonio-lemos_ibiza-style_02-2\/'><img decoding=\"async\" width=\"150\" height=\"150\" src=\"https:\/\/ibiza-style.com\/wp-content\/uploads\/2025\/07\/antonio-lemos_ibiza-style_02-150x150.jpg\" class=\"attachment-thumbnail size-thumbnail\" alt=\"\" srcset=\"https:\/\/ibiza-style.com\/wp-content\/uploads\/2025\/07\/antonio-lemos_ibiza-style_02-66x66.jpg 66w, https:\/\/ibiza-style.com\/wp-content\/uploads\/2025\/07\/antonio-lemos_ibiza-style_02-150x150.jpg 150w, https:\/\/ibiza-style.com\/wp-content\/uploads\/2025\/07\/antonio-lemos_ibiza-style_02-200x200.jpg 200w\" sizes=\"(max-width: 150px) 100vw, 150px\" \/><\/a>\n\t\t\t<\/dt><\/dl>\n\t\t\t<br style='clear: both' \/>\n\t\t<\/div>\n\n<div id=\"gtx-trans\" style=\"position: absolute; left: 627px; top: 592px;\">\n<div class=\"gtx-trans-icon\"><\/div>\n<\/div>\n","protected":false},"excerpt":{"rendered":"<p>  [&#8230;]<\/p>\n","protected":false},"author":3,"featured_media":38417,"comment_status":"closed","ping_status":"closed","sticky":false,"template":"","format":"standard","meta":{"_acf_changed":false,"footnotes":""},"categories":[66],"tags":[],"class_list":["post-38426","post","type-post","status-publish","format-standard","has-post-thumbnail","hentry","category-gente"],"acf":[],"yoast_head":"<!-- This site is optimized with the Yoast SEO plugin v27.5 - https:\/\/yoast.com\/product\/yoast-seo-wordpress\/ -->\n<title>Antonio Lemos \u2013 Una vida al filo de lo imposible - Ibiza Style<\/title>\n<meta name=\"description\" content=\"Ibiza Style: \u2600\ufe0f Tu instant\u00e1nea del estilo de vida, la cultura y los eventos de Ibiza \u2764\ufe0f\" \/>\n<meta name=\"robots\" content=\"index, follow, max-snippet:-1, max-image-preview:large, max-video-preview:-1\" \/>\n<link rel=\"canonical\" href=\"https:\/\/ibiza-style.com\/es\/antonio-lemos-una-vida-al-filo-de-lo-imposible\/\" \/>\n<meta property=\"og:locale\" content=\"es_ES\" \/>\n<meta property=\"og:type\" content=\"article\" \/>\n<meta property=\"og:title\" content=\"Antonio Lemos \u2013 Una vida al filo de lo imposible - Ibiza Style\" \/>\n<meta property=\"og:description\" content=\"Ibiza Style: \u2600\ufe0f Tu instant\u00e1nea del estilo de vida, la cultura y los eventos de Ibiza \u2764\ufe0f\" \/>\n<meta property=\"og:url\" content=\"https:\/\/ibiza-style.com\/es\/antonio-lemos-una-vida-al-filo-de-lo-imposible\/\" \/>\n<meta property=\"og:site_name\" content=\"Ibiza Style\" \/>\n<meta property=\"article:publisher\" content=\"https:\/\/www.facebook.com\/ibizastylemagazine\" \/>\n<meta property=\"article:published_time\" content=\"2025-07-27T09:34:07+00:00\" \/>\n<meta property=\"article:modified_time\" content=\"2025-07-27T09:37:33+00:00\" \/>\n<meta property=\"og:image\" content=\"https:\/\/ibiza-style.com\/wp-content\/uploads\/2025\/07\/ibiza-style-antonio-lemos-1.jpg\" \/>\n\t<meta property=\"og:image:width\" content=\"1333\" \/>\n\t<meta property=\"og:image:height\" content=\"2000\" \/>\n\t<meta property=\"og:image:type\" content=\"image\/jpeg\" \/>\n<meta name=\"author\" content=\"Thomas\" \/>\n<meta name=\"twitter:card\" content=\"summary_large_image\" \/>\n<meta name=\"twitter:label1\" content=\"Escrito por\" \/>\n\t<meta name=\"twitter:data1\" content=\"Thomas\" \/>\n\t<meta name=\"twitter:label2\" content=\"Tiempo de lectura\" \/>\n\t<meta name=\"twitter:data2\" content=\"8 minutos\" \/>\n<script type=\"application\/ld+json\" class=\"yoast-schema-graph\">{\"@context\":\"https:\\\/\\\/schema.org\",\"@graph\":[{\"@type\":\"Article\",\"@id\":\"https:\\\/\\\/ibiza-style.com\\\/es\\\/antonio-lemos-una-vida-al-filo-de-lo-imposible\\\/#article\",\"isPartOf\":{\"@id\":\"https:\\\/\\\/ibiza-style.com\\\/es\\\/antonio-lemos-una-vida-al-filo-de-lo-imposible\\\/\"},\"author\":{\"name\":\"Thomas\",\"@id\":\"https:\\\/\\\/ibiza-style.com\\\/es\\\/#\\\/schema\\\/person\\\/80861cc93b3542e94108da0d36de4141\"},\"headline\":\"Antonio Lemos \u2013 Una vida al filo de lo imposible\",\"datePublished\":\"2025-07-27T09:34:07+00:00\",\"dateModified\":\"2025-07-27T09:37:33+00:00\",\"mainEntityOfPage\":{\"@id\":\"https:\\\/\\\/ibiza-style.com\\\/es\\\/antonio-lemos-una-vida-al-filo-de-lo-imposible\\\/\"},\"wordCount\":1263,\"image\":{\"@id\":\"https:\\\/\\\/ibiza-style.com\\\/es\\\/antonio-lemos-una-vida-al-filo-de-lo-imposible\\\/#primaryimage\"},\"thumbnailUrl\":\"https:\\\/\\\/ibiza-style.com\\\/wp-content\\\/uploads\\\/2025\\\/07\\\/ibiza-style-antonio-lemos-1.jpg\",\"articleSection\":[\"Gente\"],\"inLanguage\":\"es\"},{\"@type\":\"WebPage\",\"@id\":\"https:\\\/\\\/ibiza-style.com\\\/es\\\/antonio-lemos-una-vida-al-filo-de-lo-imposible\\\/\",\"url\":\"https:\\\/\\\/ibiza-style.com\\\/es\\\/antonio-lemos-una-vida-al-filo-de-lo-imposible\\\/\",\"name\":\"Antonio Lemos \u2013 Una vida al filo de lo imposible - Ibiza Style\",\"isPartOf\":{\"@id\":\"https:\\\/\\\/ibiza-style.com\\\/es\\\/#website\"},\"primaryImageOfPage\":{\"@id\":\"https:\\\/\\\/ibiza-style.com\\\/es\\\/antonio-lemos-una-vida-al-filo-de-lo-imposible\\\/#primaryimage\"},\"image\":{\"@id\":\"https:\\\/\\\/ibiza-style.com\\\/es\\\/antonio-lemos-una-vida-al-filo-de-lo-imposible\\\/#primaryimage\"},\"thumbnailUrl\":\"https:\\\/\\\/ibiza-style.com\\\/wp-content\\\/uploads\\\/2025\\\/07\\\/ibiza-style-antonio-lemos-1.jpg\",\"datePublished\":\"2025-07-27T09:34:07+00:00\",\"dateModified\":\"2025-07-27T09:37:33+00:00\",\"author\":{\"@id\":\"https:\\\/\\\/ibiza-style.com\\\/es\\\/#\\\/schema\\\/person\\\/80861cc93b3542e94108da0d36de4141\"},\"description\":\"Ibiza Style: \u2600\ufe0f Tu instant\u00e1nea del estilo de vida, la cultura y los eventos de Ibiza \u2764\ufe0f\",\"breadcrumb\":{\"@id\":\"https:\\\/\\\/ibiza-style.com\\\/es\\\/antonio-lemos-una-vida-al-filo-de-lo-imposible\\\/#breadcrumb\"},\"inLanguage\":\"es\",\"potentialAction\":[{\"@type\":\"ReadAction\",\"target\":[\"https:\\\/\\\/ibiza-style.com\\\/es\\\/antonio-lemos-una-vida-al-filo-de-lo-imposible\\\/\"]}]},{\"@type\":\"ImageObject\",\"inLanguage\":\"es\",\"@id\":\"https:\\\/\\\/ibiza-style.com\\\/es\\\/antonio-lemos-una-vida-al-filo-de-lo-imposible\\\/#primaryimage\",\"url\":\"https:\\\/\\\/ibiza-style.com\\\/wp-content\\\/uploads\\\/2025\\\/07\\\/ibiza-style-antonio-lemos-1.jpg\",\"contentUrl\":\"https:\\\/\\\/ibiza-style.com\\\/wp-content\\\/uploads\\\/2025\\\/07\\\/ibiza-style-antonio-lemos-1.jpg\",\"width\":1333,\"height\":2000},{\"@type\":\"BreadcrumbList\",\"@id\":\"https:\\\/\\\/ibiza-style.com\\\/es\\\/antonio-lemos-una-vida-al-filo-de-lo-imposible\\\/#breadcrumb\",\"itemListElement\":[{\"@type\":\"ListItem\",\"position\":1,\"name\":\"Startseite\",\"item\":\"https:\\\/\\\/ibiza-style.com\\\/es\\\/home\\\/\"},{\"@type\":\"ListItem\",\"position\":2,\"name\":\"Antonio Lemos \u2013 Una vida al filo de lo imposible\"}]},{\"@type\":\"WebSite\",\"@id\":\"https:\\\/\\\/ibiza-style.com\\\/es\\\/#website\",\"url\":\"https:\\\/\\\/ibiza-style.com\\\/es\\\/\",\"name\":\"Ibiza Style\",\"description\":\"\",\"potentialAction\":[{\"@type\":\"SearchAction\",\"target\":{\"@type\":\"EntryPoint\",\"urlTemplate\":\"https:\\\/\\\/ibiza-style.com\\\/es\\\/?s={search_term_string}\"},\"query-input\":{\"@type\":\"PropertyValueSpecification\",\"valueRequired\":true,\"valueName\":\"search_term_string\"}}],\"inLanguage\":\"es\"},{\"@type\":\"Person\",\"@id\":\"https:\\\/\\\/ibiza-style.com\\\/es\\\/#\\\/schema\\\/person\\\/80861cc93b3542e94108da0d36de4141\",\"name\":\"Thomas\",\"image\":{\"@type\":\"ImageObject\",\"inLanguage\":\"es\",\"@id\":\"https:\\\/\\\/secure.gravatar.com\\\/avatar\\\/412e0f0057d7c5b9b43c16c33a042a416883689b4af5cd1c391d31928e4acf32?s=96&d=mm&r=g\",\"url\":\"https:\\\/\\\/secure.gravatar.com\\\/avatar\\\/412e0f0057d7c5b9b43c16c33a042a416883689b4af5cd1c391d31928e4acf32?s=96&d=mm&r=g\",\"contentUrl\":\"https:\\\/\\\/secure.gravatar.com\\\/avatar\\\/412e0f0057d7c5b9b43c16c33a042a416883689b4af5cd1c391d31928e4acf32?s=96&d=mm&r=g\",\"caption\":\"Thomas\"}}]}<\/script>\n<!-- \/ Yoast SEO plugin. -->","yoast_head_json":{"title":"Antonio Lemos \u2013 Una vida al filo de lo imposible - Ibiza Style","description":"Ibiza Style: \u2600\ufe0f Tu instant\u00e1nea del estilo de vida, la cultura y los eventos de Ibiza \u2764\ufe0f","robots":{"index":"index","follow":"follow","max-snippet":"max-snippet:-1","max-image-preview":"max-image-preview:large","max-video-preview":"max-video-preview:-1"},"canonical":"https:\/\/ibiza-style.com\/es\/antonio-lemos-una-vida-al-filo-de-lo-imposible\/","og_locale":"es_ES","og_type":"article","og_title":"Antonio Lemos \u2013 Una vida al filo de lo imposible - Ibiza Style","og_description":"Ibiza Style: \u2600\ufe0f Tu instant\u00e1nea del estilo de vida, la cultura y los eventos de Ibiza \u2764\ufe0f","og_url":"https:\/\/ibiza-style.com\/es\/antonio-lemos-una-vida-al-filo-de-lo-imposible\/","og_site_name":"Ibiza Style","article_publisher":"https:\/\/www.facebook.com\/ibizastylemagazine","article_published_time":"2025-07-27T09:34:07+00:00","article_modified_time":"2025-07-27T09:37:33+00:00","og_image":[{"width":1333,"height":2000,"url":"https:\/\/ibiza-style.com\/wp-content\/uploads\/2025\/07\/ibiza-style-antonio-lemos-1.jpg","type":"image\/jpeg"}],"author":"Thomas","twitter_card":"summary_large_image","twitter_misc":{"Escrito por":"Thomas","Tiempo de lectura":"8 minutos"},"schema":{"@context":"https:\/\/schema.org","@graph":[{"@type":"Article","@id":"https:\/\/ibiza-style.com\/es\/antonio-lemos-una-vida-al-filo-de-lo-imposible\/#article","isPartOf":{"@id":"https:\/\/ibiza-style.com\/es\/antonio-lemos-una-vida-al-filo-de-lo-imposible\/"},"author":{"name":"Thomas","@id":"https:\/\/ibiza-style.com\/es\/#\/schema\/person\/80861cc93b3542e94108da0d36de4141"},"headline":"Antonio Lemos \u2013 Una vida al filo de lo imposible","datePublished":"2025-07-27T09:34:07+00:00","dateModified":"2025-07-27T09:37:33+00:00","mainEntityOfPage":{"@id":"https:\/\/ibiza-style.com\/es\/antonio-lemos-una-vida-al-filo-de-lo-imposible\/"},"wordCount":1263,"image":{"@id":"https:\/\/ibiza-style.com\/es\/antonio-lemos-una-vida-al-filo-de-lo-imposible\/#primaryimage"},"thumbnailUrl":"https:\/\/ibiza-style.com\/wp-content\/uploads\/2025\/07\/ibiza-style-antonio-lemos-1.jpg","articleSection":["Gente"],"inLanguage":"es"},{"@type":"WebPage","@id":"https:\/\/ibiza-style.com\/es\/antonio-lemos-una-vida-al-filo-de-lo-imposible\/","url":"https:\/\/ibiza-style.com\/es\/antonio-lemos-una-vida-al-filo-de-lo-imposible\/","name":"Antonio Lemos \u2013 Una vida al filo de lo imposible - Ibiza Style","isPartOf":{"@id":"https:\/\/ibiza-style.com\/es\/#website"},"primaryImageOfPage":{"@id":"https:\/\/ibiza-style.com\/es\/antonio-lemos-una-vida-al-filo-de-lo-imposible\/#primaryimage"},"image":{"@id":"https:\/\/ibiza-style.com\/es\/antonio-lemos-una-vida-al-filo-de-lo-imposible\/#primaryimage"},"thumbnailUrl":"https:\/\/ibiza-style.com\/wp-content\/uploads\/2025\/07\/ibiza-style-antonio-lemos-1.jpg","datePublished":"2025-07-27T09:34:07+00:00","dateModified":"2025-07-27T09:37:33+00:00","author":{"@id":"https:\/\/ibiza-style.com\/es\/#\/schema\/person\/80861cc93b3542e94108da0d36de4141"},"description":"Ibiza Style: \u2600\ufe0f Tu instant\u00e1nea del estilo de vida, la cultura y los eventos de Ibiza \u2764\ufe0f","breadcrumb":{"@id":"https:\/\/ibiza-style.com\/es\/antonio-lemos-una-vida-al-filo-de-lo-imposible\/#breadcrumb"},"inLanguage":"es","potentialAction":[{"@type":"ReadAction","target":["https:\/\/ibiza-style.com\/es\/antonio-lemos-una-vida-al-filo-de-lo-imposible\/"]}]},{"@type":"ImageObject","inLanguage":"es","@id":"https:\/\/ibiza-style.com\/es\/antonio-lemos-una-vida-al-filo-de-lo-imposible\/#primaryimage","url":"https:\/\/ibiza-style.com\/wp-content\/uploads\/2025\/07\/ibiza-style-antonio-lemos-1.jpg","contentUrl":"https:\/\/ibiza-style.com\/wp-content\/uploads\/2025\/07\/ibiza-style-antonio-lemos-1.jpg","width":1333,"height":2000},{"@type":"BreadcrumbList","@id":"https:\/\/ibiza-style.com\/es\/antonio-lemos-una-vida-al-filo-de-lo-imposible\/#breadcrumb","itemListElement":[{"@type":"ListItem","position":1,"name":"Startseite","item":"https:\/\/ibiza-style.com\/es\/home\/"},{"@type":"ListItem","position":2,"name":"Antonio Lemos \u2013 Una vida al filo de lo imposible"}]},{"@type":"WebSite","@id":"https:\/\/ibiza-style.com\/es\/#website","url":"https:\/\/ibiza-style.com\/es\/","name":"Ibiza Style","description":"","potentialAction":[{"@type":"SearchAction","target":{"@type":"EntryPoint","urlTemplate":"https:\/\/ibiza-style.com\/es\/?s={search_term_string}"},"query-input":{"@type":"PropertyValueSpecification","valueRequired":true,"valueName":"search_term_string"}}],"inLanguage":"es"},{"@type":"Person","@id":"https:\/\/ibiza-style.com\/es\/#\/schema\/person\/80861cc93b3542e94108da0d36de4141","name":"Thomas","image":{"@type":"ImageObject","inLanguage":"es","@id":"https:\/\/secure.gravatar.com\/avatar\/412e0f0057d7c5b9b43c16c33a042a416883689b4af5cd1c391d31928e4acf32?s=96&d=mm&r=g","url":"https:\/\/secure.gravatar.com\/avatar\/412e0f0057d7c5b9b43c16c33a042a416883689b4af5cd1c391d31928e4acf32?s=96&d=mm&r=g","contentUrl":"https:\/\/secure.gravatar.com\/avatar\/412e0f0057d7c5b9b43c16c33a042a416883689b4af5cd1c391d31928e4acf32?s=96&d=mm&r=g","caption":"Thomas"}}]}},"_links":{"self":[{"href":"https:\/\/ibiza-style.com\/es\/wp-json\/wp\/v2\/posts\/38426","targetHints":{"allow":["GET"]}}],"collection":[{"href":"https:\/\/ibiza-style.com\/es\/wp-json\/wp\/v2\/posts"}],"about":[{"href":"https:\/\/ibiza-style.com\/es\/wp-json\/wp\/v2\/types\/post"}],"author":[{"embeddable":true,"href":"https:\/\/ibiza-style.com\/es\/wp-json\/wp\/v2\/users\/3"}],"replies":[{"embeddable":true,"href":"https:\/\/ibiza-style.com\/es\/wp-json\/wp\/v2\/comments?post=38426"}],"version-history":[{"count":6,"href":"https:\/\/ibiza-style.com\/es\/wp-json\/wp\/v2\/posts\/38426\/revisions"}],"predecessor-version":[{"id":38764,"href":"https:\/\/ibiza-style.com\/es\/wp-json\/wp\/v2\/posts\/38426\/revisions\/38764"}],"wp:featuredmedia":[{"embeddable":true,"href":"https:\/\/ibiza-style.com\/es\/wp-json\/wp\/v2\/media\/38417"}],"wp:attachment":[{"href":"https:\/\/ibiza-style.com\/es\/wp-json\/wp\/v2\/media?parent=38426"}],"wp:term":[{"taxonomy":"category","embeddable":true,"href":"https:\/\/ibiza-style.com\/es\/wp-json\/wp\/v2\/categories?post=38426"},{"taxonomy":"post_tag","embeddable":true,"href":"https:\/\/ibiza-style.com\/es\/wp-json\/wp\/v2\/tags?post=38426"}],"curies":[{"name":"wp","href":"https:\/\/api.w.org\/{rel}","templated":true}]}}